{"id":9362,"date":"2016-06-28T09:15:12","date_gmt":"2016-06-28T07:15:12","guid":{"rendered":"https:\/\/pequod.nesodd1.no\/?p=9362"},"modified":"2016-06-27T14:53:26","modified_gmt":"2016-06-27T12:53:26","slug":"forste-batferie-med-rederinnen-del-4","status":"publish","type":"post","link":"https:\/\/pequod.nesodd1.no\/?p=9362","title":{"rendered":"F\u00f8rste b\u00e5tferie med rederinnen \u2013 del 4"},"content":{"rendered":"<p>B\u00e5tlivet inneb\u00e6rer mange ting, ogs\u00e5 evnen til \u00e5 ta ting p\u00e5 sparket. Og da mandagen opprant ble det etterhvert klart at vi nok en gang m\u00e5tte endre p\u00e5 planene, akkurat som vi hadde gjort dagen f\u00f8r, da vi valgte \u00e5 g\u00e5 inn til Str\u00f6mstad istedenfor \u00e5 dra direkte til Koster.<!--more--><\/p>\n<p>Grunnen til at vi dro til Str\u00f6mstad s\u00f8ndag var v\u00e6rmeldingen. Selv om det var pent v\u00e6r s\u00f8ndag var det meldt s\u00e5pass kraftig vind (opptil 10-12 m\/s fra &laquo;feil&raquo; retning) at vi ville ha problemer med \u00e5 fortsette turen mandag.<\/p>\n<p>Og da mandagen opprant var det ikke bare vinden som skapte problemer, det h\u00f8ljet ned omtrent uavbrutt. Vi fant ut at vi skulle se det litt an.<\/p>\n<p><a href=\"https:\/\/pequod.nesodd1.no\/?attachment_id=9379\" rel=\"attachment wp-att-9379\"><img data-recalc-dims=\"1\" loading=\"lazy\" decoding=\"async\" data-attachment-id=\"9379\" data-permalink=\"https:\/\/pequod.nesodd1.no\/?attachment_id=9379\" data-orig-file=\"https:\/\/i0.wp.com\/pequod.nesodd1.no\/wp-content\/uploads\/2016\/06\/IMG_8766-e1467031770681.jpg?fit=480%2C640&amp;ssl=1\" data-orig-size=\"480,640\" data-comments-opened=\"1\" data-image-meta=\"{&quot;aperture&quot;:&quot;2.2&quot;,&quot;credit&quot;:&quot;&quot;,&quot;camera&quot;:&quot;iPhone 6&quot;,&quot;caption&quot;:&quot;&quot;,&quot;created_timestamp&quot;:&quot;1466423639&quot;,&quot;copyright&quot;:&quot;&quot;,&quot;focal_length&quot;:&quot;4.15&quot;,&quot;iso&quot;:&quot;32&quot;,&quot;shutter_speed&quot;:&quot;0.0166666666667&quot;,&quot;title&quot;:&quot;&quot;,&quot;orientation&quot;:&quot;6&quot;}\" data-image-title=\"IMG_8766\" data-image-description=\"\" data-image-caption=\"\" data-large-file=\"https:\/\/i0.wp.com\/pequod.nesodd1.no\/wp-content\/uploads\/2016\/06\/IMG_8766-e1467031770681.jpg?fit=480%2C640&amp;ssl=1\" class=\"alignleft wp-image-9379 size-medium\" src=\"https:\/\/i0.wp.com\/pequod.nesodd1.no\/wp-content\/uploads\/2016\/06\/IMG_8766-e1467031770681-225x300.jpg?resize=225%2C300\" alt=\"IMG_8766\" width=\"225\" height=\"300\" srcset=\"https:\/\/i0.wp.com\/pequod.nesodd1.no\/wp-content\/uploads\/2016\/06\/IMG_8766-e1467031770681.jpg?resize=225%2C300&amp;ssl=1 225w, https:\/\/i0.wp.com\/pequod.nesodd1.no\/wp-content\/uploads\/2016\/06\/IMG_8766-e1467031770681.jpg?w=480&amp;ssl=1 480w\" sizes=\"auto, (max-width: 225px) 100vw, 225px\" \/><\/a>Rederinnen tok morgendusjen i serviceanlegget til gjestehavna mens jeg mekket til, om jeg skal si det selv, en aldeles\u00a0en utmerket pannekakefrokost. Ja, pannekaker til frokost &#8211; man er da p\u00e5 ferie og kan kose seg litt!<\/p>\n<p>Frokosten ble avbrutt av en svanefamile som kom p\u00e5 bes\u00f8k, to foreldre og fem sm\u00e5 gr\u00e5, bustede n\u00f8ster. Rederinnen falt pladask for dem og tok fram noen fiskekaker. Mesteparten fant veien til svanene, s\u00e5 det ble en blanding av tacorester og de to fiskekakene som var igjen til middag senere p\u00e5 dagen&#8230; \ud83d\ude42<\/p>\n<p>Etter at pannekakene var fort\u00e6rt var det min tur til \u00e5 pr\u00f8ve ut dusjanlegget, som rederinnen ikke var helt forn\u00f8yd med.<\/p>\n<p>Dusjanlegget var b\u00e5de p\u00e5 herre- og damedoen et fellesdusjanlegg, bortsett fra at dametoalettet ogs\u00e5 hadde et lite avlukke for privat dusjing. Jeg er ikke s\u00e5 vant til \u00e5 bruke slike anlegg, s\u00e5 jeg vet ikke hva som er vanlig rundt om, men imponert ble ikke jeg heller.<\/p>\n<p>En annen sak er at dusjanlegget og toalettene ikke akkurat er velegnet for funksjonshemmede. Herreavdelingen har en lang trapp man m\u00e5 forsere. Toalettmessig finnes det et handicaptoalett p\u00e5 utsiden, som er et \u00e5pent fellestoalett og med en stank som ikke innb\u00f8d til bruk. Men i gjestehavndelen fantes ikke et slikt.<a href=\"https:\/\/pequod.nesodd1.no\/?attachment_id=9380\" rel=\"attachment wp-att-9380\"><img data-recalc-dims=\"1\" loading=\"lazy\" decoding=\"async\" data-attachment-id=\"9380\" data-permalink=\"https:\/\/pequod.nesodd1.no\/?attachment_id=9380\" data-orig-file=\"https:\/\/i0.wp.com\/pequod.nesodd1.no\/wp-content\/uploads\/2016\/06\/IMG_8768.jpg?fit=640%2C480&amp;ssl=1\" data-orig-size=\"640,480\" data-comments-opened=\"1\" data-image-meta=\"{&quot;aperture&quot;:&quot;2.2&quot;,&quot;credit&quot;:&quot;&quot;,&quot;camera&quot;:&quot;iPhone 6&quot;,&quot;caption&quot;:&quot;&quot;,&quot;created_timestamp&quot;:&quot;1466427303&quot;,&quot;copyright&quot;:&quot;&quot;,&quot;focal_length&quot;:&quot;4.15&quot;,&quot;iso&quot;:&quot;32&quot;,&quot;shutter_speed&quot;:&quot;0.00395256916996&quot;,&quot;title&quot;:&quot;&quot;,&quot;orientation&quot;:&quot;1&quot;}\" data-image-title=\"IMG_8768\" data-image-description=\"&lt;p&gt;Str\u00f6mstad&lt;\/p&gt;\n\" data-image-caption=\"&lt;p&gt;\u00c5 kalle opp b\u00e5ten sin etter den fuglen er veldig popul\u00e6rt i Norge.&lt;\/p&gt;\n\" data-large-file=\"https:\/\/i0.wp.com\/pequod.nesodd1.no\/wp-content\/uploads\/2016\/06\/IMG_8768.jpg?fit=640%2C480&amp;ssl=1\" class=\"alignright size-medium wp-image-9380\" src=\"https:\/\/i0.wp.com\/pequod.nesodd1.no\/wp-content\/uploads\/2016\/06\/IMG_8768-300x225.jpg?resize=300%2C225\" alt=\"IMG_8768\" width=\"300\" height=\"225\" srcset=\"https:\/\/i0.wp.com\/pequod.nesodd1.no\/wp-content\/uploads\/2016\/06\/IMG_8768.jpg?resize=300%2C225&amp;ssl=1 300w, https:\/\/i0.wp.com\/pequod.nesodd1.no\/wp-content\/uploads\/2016\/06\/IMG_8768.jpg?w=640&amp;ssl=1 640w\" sizes=\"auto, (max-width: 300px) 100vw, 300px\" \/><\/a><\/p>\n<p>\u00c5 forsere trapper er ikke noe problem for meg, men dusjingen ble en utfordring. Jeg er nemlig n\u00f8dt til \u00e5 dusje sittende, ettersom jeg m\u00e5 ta av meg protesen n\u00e5r jeg dusjer. Rederinnen hadde med seg en krakk til dette form\u00e5let, men siden man med jevne, korte mellomrom m\u00e5 trykke p\u00e5 en knapp for at vannet skal fortsette, s\u00e5 ble det litt av en prosess \u00e5 f\u00e5 dusjet. Og jeg m\u00e5tte sette meg p\u00e5 krakken og hoppe p\u00e5 den for \u00e5\u00a0komme meg til n\u00e6rmeste dusj, med krykke i umiddelbar n\u00e6rhet, slik at jeg rakk fram med krykka for \u00e5 kunne trykke p\u00e5 knappen&#8230;. En flue p\u00e5 veggen ville ha ledd seg ihjel av synet!<\/p>\n<p>Og siden man sitter der naken p\u00e5 en krakk med halve benet borte p\u00e5 den ene siden, s\u00e5 lurer man jo litt p\u00e5 hvordan folk ville reagere n\u00e5r de kommer inn i et slikt fellesdusjomr\u00e5de og ser meg sitte der! Men jeg fikk heldigvis sitte alene til helt p\u00e5 slutten, da det kom inn en annen. Men da var protesen p\u00e5 plass og jeg p\u00e5 vei ut&#8230;<\/p>\n<p>Med tanke p\u00e5 at Str\u00f6mstad er en ganske stor gjestehavn s\u00e5 var toalett- og dusjforholdene\u00a0rett og slett skuffende. Jeg har jo ikke brukt gjestehavner s\u00e5 veldig mye selv, jeg liker meg best p\u00e5 stille og usjenerte uthavner, og de gangene jeg har bes\u00f8kt en gjestehavn har det ikke v\u00e6rt s\u00e5 aktuelt med dusjing, s\u00e5 noen ordentlig erfaring med dette har jeg ikke opparbeidet meg enn\u00e5.<\/p>\n<p><a href=\"https:\/\/pequod.nesodd1.no\/?attachment_id=9381\" rel=\"attachment wp-att-9381\"><img data-recalc-dims=\"1\" loading=\"lazy\" decoding=\"async\" data-attachment-id=\"9381\" data-permalink=\"https:\/\/pequod.nesodd1.no\/?attachment_id=9381\" data-orig-file=\"https:\/\/i0.wp.com\/pequod.nesodd1.no\/wp-content\/uploads\/2016\/06\/IMG_8771.jpg?fit=640%2C480&amp;ssl=1\" data-orig-size=\"640,480\" data-comments-opened=\"1\" data-image-meta=\"{&quot;aperture&quot;:&quot;2.2&quot;,&quot;credit&quot;:&quot;&quot;,&quot;camera&quot;:&quot;iPhone 6&quot;,&quot;caption&quot;:&quot;&quot;,&quot;created_timestamp&quot;:&quot;1466438535&quot;,&quot;copyright&quot;:&quot;&quot;,&quot;focal_length&quot;:&quot;4.15&quot;,&quot;iso&quot;:&quot;32&quot;,&quot;shutter_speed&quot;:&quot;0.00591715976331&quot;,&quot;title&quot;:&quot;&quot;,&quot;orientation&quot;:&quot;1&quot;}\" data-image-title=\"IMG_8771\" data-image-description=\"&lt;p&gt;Str\u00f6mstad&lt;\/p&gt;\n\" data-image-caption=\"\" data-large-file=\"https:\/\/i0.wp.com\/pequod.nesodd1.no\/wp-content\/uploads\/2016\/06\/IMG_8771.jpg?fit=640%2C480&amp;ssl=1\" class=\"aligncenter size-full wp-image-9381\" src=\"https:\/\/i0.wp.com\/pequod.nesodd1.no\/wp-content\/uploads\/2016\/06\/IMG_8771.jpg?resize=640%2C480\" alt=\"IMG_8771\" width=\"640\" height=\"480\" srcset=\"https:\/\/i0.wp.com\/pequod.nesodd1.no\/wp-content\/uploads\/2016\/06\/IMG_8771.jpg?w=640&amp;ssl=1 640w, https:\/\/i0.wp.com\/pequod.nesodd1.no\/wp-content\/uploads\/2016\/06\/IMG_8771.jpg?resize=300%2C225&amp;ssl=1 300w\" sizes=\"auto, (max-width: 640px) 100vw, 640px\" \/><\/a>Etter at dusjingen var gjennomf\u00f8rt var det p\u00e5 tide \u00e5 g\u00e5 i land for \u00e5 gjennomf\u00f8re noen \u00e6render. Regnet kom og gikk jevnlig, men vi rakk innom Coop-butikken (der Systembolaget l\u00e5 f\u00f8r) og ICA n\u00e6rmere gjestehavna f\u00f8r vi slo oss ned for en pause og kuleis i S\u00f8dra Hamngatan. B\u00e5de rederinnen og jeg er sv\u00e6rt glad i is&#8230;s\u00e6rlig pistasjis med n\u00f8tter, noe isbaren vi stoppet opp foran kunne by p\u00e5.<\/p>\n<p>Tilbake i b\u00e5ten var v\u00e6ret fortsatt like d\u00e5rlig, og da jeg foreslo \u00e5 utsette turen ned til Fj\u00e4llbacka til dagen etter, s\u00e5 var rederinnen enig. Det var jo to grunner til at vi valgte den indre leden, og det var b\u00e5de \u00e5 unng\u00e5 for mye sj\u00f8 og \u00e5\u00a0ta inn inntrykk fra idyllen rundt oss. Det siste blir det d\u00e5rlig med under kalesje med regnet str\u00f8mmende ned.<\/p>\n<p>Og vi ville fortsatt fint rekke \u00e5 komme fram til Fj\u00e4llbacka som jeg hadde regnet ut ville ta rundt fem timer, kanskje noe mer ettersom vi skulle ta indre led og ikke fosse fram i Kosterfjorden.<\/p>\n<p>Dermed ble det en ny middag i b\u00e5ten (resten av fiskekakene og restene av g\u00e5rsdagens tacomiddag) mens vi pratet om l\u00f8st og fast og tok oss en liten ettermiddagslur etter maten.<\/p>\n<p><a href=\"https:\/\/pequod.nesodd1.no\/?attachment_id=9382\" rel=\"attachment wp-att-9382\"><img data-recalc-dims=\"1\" loading=\"lazy\" decoding=\"async\" data-attachment-id=\"9382\" data-permalink=\"https:\/\/pequod.nesodd1.no\/?attachment_id=9382\" data-orig-file=\"https:\/\/i0.wp.com\/pequod.nesodd1.no\/wp-content\/uploads\/2016\/06\/IMG_8775.jpg?fit=640%2C480&amp;ssl=1\" data-orig-size=\"640,480\" data-comments-opened=\"1\" data-image-meta=\"{&quot;aperture&quot;:&quot;2.2&quot;,&quot;credit&quot;:&quot;&quot;,&quot;camera&quot;:&quot;iPhone 6&quot;,&quot;caption&quot;:&quot;&quot;,&quot;created_timestamp&quot;:&quot;1466502398&quot;,&quot;copyright&quot;:&quot;&quot;,&quot;focal_length&quot;:&quot;4.15&quot;,&quot;iso&quot;:&quot;32&quot;,&quot;shutter_speed&quot;:&quot;0.000555864369094&quot;,&quot;title&quot;:&quot;&quot;,&quot;orientation&quot;:&quot;1&quot;}\" data-image-title=\"IMG_8775\" data-image-description=\"&lt;p&gt;Str\u00f6mstad&lt;\/p&gt;\n\" data-image-caption=\"\" data-large-file=\"https:\/\/i0.wp.com\/pequod.nesodd1.no\/wp-content\/uploads\/2016\/06\/IMG_8775.jpg?fit=640%2C480&amp;ssl=1\" class=\"aligncenter size-full wp-image-9382\" src=\"https:\/\/i0.wp.com\/pequod.nesodd1.no\/wp-content\/uploads\/2016\/06\/IMG_8775.jpg?resize=640%2C480\" alt=\"IMG_8775\" width=\"640\" height=\"480\" srcset=\"https:\/\/i0.wp.com\/pequod.nesodd1.no\/wp-content\/uploads\/2016\/06\/IMG_8775.jpg?w=640&amp;ssl=1 640w, https:\/\/i0.wp.com\/pequod.nesodd1.no\/wp-content\/uploads\/2016\/06\/IMG_8775.jpg?resize=300%2C225&amp;ssl=1 300w\" sizes=\"auto, (max-width: 640px) 100vw, 640px\" \/><\/a><\/p>\n<h3>Related Images:<\/h3>","protected":false},"excerpt":{"rendered":"<p>B\u00e5tlivet inneb\u00e6rer mange ting, ogs\u00e5 evnen til \u00e5 ta ting p\u00e5 sparket. Og da mandagen opprant ble det etterhvert klart at vi nok en gang m\u00e5tte endre p\u00e5 planene, akkurat som vi hadde gjort dagen f\u00f8r, da vi valgte \u00e5 g\u00e5 inn til Str\u00f6mstad istedenfor \u00e5 dra direkte til Koster. Related Images:<\/p>\n","protected":false},"author":1,"featured_media":0,"comment_status":"open","ping_status":"open","sticky":false,"template":"","format":"standard","meta":{"_crdt_document":"","ngg_post_thumbnail":0,"jetpack_post_was_ever_published":false,"_jetpack_newsletter_access":"","_jetpack_dont_email_post_to_subs":false,"_jetpack_newsletter_tier_id":0,"_jetpack_memberships_contains_paywalled_content":false,"_jetpack_memberships_contains_paid_content":false,"footnotes":""},"categories":[3,147,4],"tags":[1944,1947,433,1945,1942,1946,931,293,1005,1948,1943,123,1949],"class_list":["post-9362","post","type-post","status-publish","format-standard","hentry","category-blogg","category-ferie","category-tur","tag-dusjing","tag-fiskekaker","tag-is","tag-krakk","tag-opphold","tag-pannekaker","tag-planlegging-2","tag-regn","tag-stromstad","tag-svaner","tag-toaletter","tag-vaer-2","tag-vaeropphold"],"jetpack_featured_media_url":"","jetpack_shortlink":"https:\/\/wp.me\/p3Zd9b-2r0","jetpack_sharing_enabled":true,"jetpack_likes_enabled":true,"jetpack-related-posts":[],"_links":{"self":[{"href":"https:\/\/pequod.nesodd1.no\/index.php?rest_route=\/wp\/v2\/posts\/9362","targetHints":{"allow":["GET"]}}],"collection":[{"href":"https:\/\/pequod.nesodd1.no\/index.php?rest_route=\/wp\/v2\/posts"}],"about":[{"href":"https:\/\/pequod.nesodd1.no\/index.php?rest_route=\/wp\/v2\/types\/post"}],"author":[{"embeddable":true,"href":"https:\/\/pequod.nesodd1.no\/index.php?rest_route=\/wp\/v2\/users\/1"}],"replies":[{"embeddable":true,"href":"https:\/\/pequod.nesodd1.no\/index.php?rest_route=%2Fwp%2Fv2%2Fcomments&post=9362"}],"version-history":[{"count":7,"href":"https:\/\/pequod.nesodd1.no\/index.php?rest_route=\/wp\/v2\/posts\/9362\/revisions"}],"predecessor-version":[{"id":9384,"href":"https:\/\/pequod.nesodd1.no\/index.php?rest_route=\/wp\/v2\/posts\/9362\/revisions\/9384"}],"wp:attachment":[{"href":"https:\/\/pequod.nesodd1.no\/index.php?rest_route=%2Fwp%2Fv2%2Fmedia&parent=9362"}],"wp:term":[{"taxonomy":"category","embeddable":true,"href":"https:\/\/pequod.nesodd1.no\/index.php?rest_route=%2Fwp%2Fv2%2Fcategories&post=9362"},{"taxonomy":"post_tag","embeddable":true,"href":"https:\/\/pequod.nesodd1.no\/index.php?rest_route=%2Fwp%2Fv2%2Ftags&post=9362"}],"curies":[{"name":"wp","href":"https:\/\/api.w.org\/{rel}","templated":true}]}}