{"id":9592,"date":"2016-07-18T10:15:29","date_gmt":"2016-07-18T08:15:29","guid":{"rendered":"https:\/\/pequod.nesodd1.no\/?p=9592"},"modified":"2016-07-18T10:36:36","modified_gmt":"2016-07-18T08:36:36","slug":"over-seks-timer-i-baten-pa-tur-nummer-260","status":"publish","type":"post","link":"https:\/\/pequod.nesodd1.no\/?p=9592","title":{"rendered":"Over seks timer i b\u00e5ten p\u00e5 tur nummer 260"},"content":{"rendered":"<p><a href=\"https:\/\/pequod.nesodd1.no\/?attachment_id=9598\" rel=\"attachment wp-att-9598\"><img data-recalc-dims=\"1\" loading=\"lazy\" decoding=\"async\" data-attachment-id=\"9598\" data-permalink=\"https:\/\/pequod.nesodd1.no\/?attachment_id=9598\" data-orig-file=\"https:\/\/i0.wp.com\/pequod.nesodd1.no\/wp-content\/uploads\/2016\/07\/cooltext194920291392316.png?fit=133%2C73&amp;ssl=1\" data-orig-size=\"133,73\" data-comments-opened=\"1\" data-image-meta=\"{&quot;aperture&quot;:&quot;0&quot;,&quot;credit&quot;:&quot;&quot;,&quot;camera&quot;:&quot;&quot;,&quot;caption&quot;:&quot;&quot;,&quot;created_timestamp&quot;:&quot;0&quot;,&quot;copyright&quot;:&quot;&quot;,&quot;focal_length&quot;:&quot;0&quot;,&quot;iso&quot;:&quot;0&quot;,&quot;shutter_speed&quot;:&quot;0&quot;,&quot;title&quot;:&quot;&quot;,&quot;orientation&quot;:&quot;0&quot;}\" data-image-title=\"cooltext194920291392316\" data-image-description=\"\" data-image-caption=\"\" data-large-file=\"https:\/\/i0.wp.com\/pequod.nesodd1.no\/wp-content\/uploads\/2016\/07\/cooltext194920291392316.png?fit=133%2C73&amp;ssl=1\" class=\"alignleft size-full wp-image-9598\" src=\"https:\/\/i0.wp.com\/pequod.nesodd1.no\/wp-content\/uploads\/2016\/07\/cooltext194920291392316.png?resize=133%2C73\" alt=\"cooltext194920291392316\" width=\"133\" height=\"73\" \/><\/a>Etter at alle planer om langtur i helgen gikk i vasken blant annet p\u00e5 grunn av v\u00e6r og vind, kom jeg meg endelig ut p\u00e5 en slags langtur s\u00f8ndag. Turen til H\u00e5\u00f8ya og tilbake var faktisk tur nummer 260 med b\u00e5ten siden jeg fikk den i oktober 2013.<!--more--><\/p>\n<p>Dette blir ikke en lang rapport, bare mer en markering av at jeg har rundet 260 turer med b\u00e5ten, og 49 turer hittil i \u00e5r. Jeg n\u00e6rmer meg dermed antallet i fjor, da jeg gjennomf\u00f8rte 57 turer, til tross for 20 uker p\u00e5 rehabilitering og 16 uker p\u00e5 sykehus. Men jeg har langt til igjen f\u00f8r jeg kommer meg opp p\u00e5 niv\u00e5et fra normalsesongen i 2014 (125 turer). Jeg tror vel det er innen rekkevidde \u00e5 runde 300 turer totalt i \u00e5r. Selv om antall turer ikke er et m\u00e5l i seg selv, m\u00e5let er \u00e5 komme meg utp\u00e5 n\u00e5r jeg kan, og f\u00e5 en rekke med gode opplevelser.<\/p>\n<p>Det varte og rakk f\u00f8r jeg kom meg utp\u00e5 ogs\u00e5, jeg er ikke akkurat den f\u00f8rste som st\u00e5r opp om morgenen, s\u00e6rlig ikke n\u00e5r jeg har fri og ikke legger meg f\u00f8r veeeldig sent, s\u00e5 n\u00e5r jeg endelig satte kursen mot b\u00e5thavna s\u00f8ndag s\u00e5 hadde klokka passert fire p\u00e5 ettermiddagen&#8230;<\/p>\n<figure id=\"attachment_9594\" aria-describedby=\"caption-attachment-9594\" style=\"width: 1024px\" class=\"wp-caption aligncenter\"><a href=\"https:\/\/i0.wp.com\/pequod.nesodd1.no\/wp-content\/uploads\/2016\/07\/img_9331.jpg\"><img data-recalc-dims=\"1\" loading=\"lazy\" decoding=\"async\" data-attachment-id=\"9594\" data-permalink=\"https:\/\/pequod.nesodd1.no\/?attachment_id=9594\" data-orig-file=\"https:\/\/i0.wp.com\/pequod.nesodd1.no\/wp-content\/uploads\/2016\/07\/img_9331.jpg?fit=3264%2C2448&amp;ssl=1\" data-orig-size=\"3264,2448\" data-comments-opened=\"1\" data-image-meta=\"{&quot;aperture&quot;:&quot;2.2&quot;,&quot;credit&quot;:&quot;&quot;,&quot;camera&quot;:&quot;iPhone 6&quot;,&quot;caption&quot;:&quot;&quot;,&quot;created_timestamp&quot;:&quot;1468777342&quot;,&quot;copyright&quot;:&quot;&quot;,&quot;focal_length&quot;:&quot;4.15&quot;,&quot;iso&quot;:&quot;32&quot;,&quot;shutter_speed&quot;:&quot;0.00108695652174&quot;,&quot;title&quot;:&quot;&quot;,&quot;orientation&quot;:&quot;1&quot;}\" data-image-title=\"img_9331.jpg\" data-image-description=\"\" data-image-caption=\"\" data-large-file=\"https:\/\/i0.wp.com\/pequod.nesodd1.no\/wp-content\/uploads\/2016\/07\/img_9331.jpg?fit=940%2C705&amp;ssl=1\" class=\"wp-image-9594 size-large\" src=\"https:\/\/i0.wp.com\/pequod.nesodd1.no\/wp-content\/uploads\/2016\/07\/img_9331-1024x768.jpg?resize=940%2C705\" width=\"940\" height=\"705\" srcset=\"https:\/\/i0.wp.com\/pequod.nesodd1.no\/wp-content\/uploads\/2016\/07\/img_9331.jpg?resize=1024%2C768&amp;ssl=1 1024w, https:\/\/i0.wp.com\/pequod.nesodd1.no\/wp-content\/uploads\/2016\/07\/img_9331.jpg?resize=300%2C225&amp;ssl=1 300w, https:\/\/i0.wp.com\/pequod.nesodd1.no\/wp-content\/uploads\/2016\/07\/img_9331.jpg?resize=768%2C576&amp;ssl=1 768w, https:\/\/i0.wp.com\/pequod.nesodd1.no\/wp-content\/uploads\/2016\/07\/img_9331.jpg?w=1880&amp;ssl=1 1880w, https:\/\/i0.wp.com\/pequod.nesodd1.no\/wp-content\/uploads\/2016\/07\/img_9331.jpg?w=2820&amp;ssl=1 2820w\" sizes=\"auto, (max-width: 940px) 100vw, 940px\" \/><\/a><figcaption id=\"caption-attachment-9594\" class=\"wp-caption-text\">T\u00e5jebukta<\/figcaption><\/figure>\n<p>Det bl\u00e5ste ogs\u00e5 endel denne ettermiddagen, akkurat som det gjorde dagen f\u00f8r, men mye mindre enn l\u00f8rdag. Jeg fikk en times tur utp\u00e5 l\u00f8rdag, men p\u00e5 grunn av vinden ble det bare med en tur rundt Lang\u00f8yene og tilbake. S\u00f8ndag var alts\u00e5 vinden noe mindre, og det var meldt at den skulle avta utp\u00e5 kvelden ogs\u00e5.<\/p>\n<p>Jeg hadde i utgangspunktet tenkt \u00e5 ta en dagstur, dra til H\u00e5\u00f8ya eller Bergholmen og g\u00e5 i land litt f\u00f8r jeg dro tilbake, men da var jo planen \u00e5 komme meg avg\u00e5rde mye tidligere, kanskje rundt 12-tiden. Men da klokka slo 12 l\u00e5 jeg fremdeles og sov&#8230;<\/p>\n<p>Likevel, da jeg strenet ut av b\u00e5thavna litt f\u00f8r klokka 17 satte jeg som planlagt kursen mot H\u00e5\u00f8ya, tross alt er det sommer og ordentlig m\u00f8rkt blir det ikke f\u00f8r n\u00e6rmere midnatt.. \ud83d\ude00<\/p>\n<p>Planen var opprinnelig \u00e5 g\u00e5 i land, men det endte faktisk med en rundtur p\u00e5 seks timer og 20 minutter&#8230; Jeg hadde mye str\u00f8m og vind imot og l\u00e5 bare i rundt 4,5 knop i gjennomsnitt, noe som ikke akkurat er imponerende. Og da jeg kom fram til Fagerstrand opplevde jeg for en gangs skyld at sj\u00f8en ble roligere, vanligvis\u00a0skjer jo det motsatte!<\/p>\n<p>Da jeg kom til H\u00e5\u00f8ya passerte jeg b\u00e5de Dragsund og T\u00e5jebukta &#8211; med ledige plasser begge steder. Ogs\u00e5 b\u00e5de nord og s\u00f8r p\u00e5 Bergholmen var det ledig, og p\u00e5 Oscarsborg var det ogs\u00e5 ledige plasser selv om det var ganske mange b\u00e5ter der. Jeg begynte \u00e5 lure p\u00e5 om jeg kanskje skulle g\u00e5 i land p\u00e5 H\u00e5\u00f8ya p\u00e5 \u00f8stsiden istedenfor, for det har jeg jo ikke gjort f\u00f8r, men jeg passerte Oscarsborg n\u00e5r klokka var s\u00e5pass mye som kvart over \u00e5tte p\u00e5 kvelden, og fant ut at jeg heller kunne dra rett hjem. Da ville jeg ankomme b\u00e5thavna mellom 23 og 23.30 og komme meg hjem til midnatt. Siden jeg n\u00e5 begynner en to ukers jobbeperiode og skulle p\u00e5 jobb mandag morgen, s\u00e5 droppet jeg \u00e5 g\u00e5 i land.<\/p>\n<p>Som jeg har skrevet mange ganger f\u00f8r, s\u00e5 er det jo det \u00e5 v\u00e6re underveis i b\u00e5ten som er det jeg virkelig liker, og det var vel denne rundturen et godt bevis p\u00e5!<\/p>\n<p>&nbsp;<\/p>\n<figure id=\"attachment_9595\" aria-describedby=\"caption-attachment-9595\" style=\"width: 1024px\" class=\"wp-caption aligncenter\"><a href=\"https:\/\/i0.wp.com\/pequod.nesodd1.no\/wp-content\/uploads\/2016\/07\/img_9350.jpg\"><img data-recalc-dims=\"1\" loading=\"lazy\" decoding=\"async\" data-attachment-id=\"9595\" data-permalink=\"https:\/\/pequod.nesodd1.no\/?attachment_id=9595\" data-orig-file=\"https:\/\/i0.wp.com\/pequod.nesodd1.no\/wp-content\/uploads\/2016\/07\/img_9350.jpg?fit=3264%2C2448&amp;ssl=1\" data-orig-size=\"3264,2448\" data-comments-opened=\"1\" data-image-meta=\"{&quot;aperture&quot;:&quot;2.2&quot;,&quot;credit&quot;:&quot;&quot;,&quot;camera&quot;:&quot;iPhone 6&quot;,&quot;caption&quot;:&quot;&quot;,&quot;created_timestamp&quot;:&quot;1468785474&quot;,&quot;copyright&quot;:&quot;&quot;,&quot;focal_length&quot;:&quot;4.15&quot;,&quot;iso&quot;:&quot;32&quot;,&quot;shutter_speed&quot;:&quot;0.00176991150442&quot;,&quot;title&quot;:&quot;&quot;,&quot;orientation&quot;:&quot;1&quot;}\" data-image-title=\"img_9350.jpg\" data-image-description=\"\" data-image-caption=\"\" data-large-file=\"https:\/\/i0.wp.com\/pequod.nesodd1.no\/wp-content\/uploads\/2016\/07\/img_9350.jpg?fit=940%2C705&amp;ssl=1\" class=\"wp-image-9595 size-large\" src=\"https:\/\/i0.wp.com\/pequod.nesodd1.no\/wp-content\/uploads\/2016\/07\/img_9350-1024x768.jpg?resize=940%2C705\" width=\"940\" height=\"705\" srcset=\"https:\/\/i0.wp.com\/pequod.nesodd1.no\/wp-content\/uploads\/2016\/07\/img_9350.jpg?resize=1024%2C768&amp;ssl=1 1024w, https:\/\/i0.wp.com\/pequod.nesodd1.no\/wp-content\/uploads\/2016\/07\/img_9350.jpg?resize=300%2C225&amp;ssl=1 300w, https:\/\/i0.wp.com\/pequod.nesodd1.no\/wp-content\/uploads\/2016\/07\/img_9350.jpg?resize=768%2C576&amp;ssl=1 768w, https:\/\/i0.wp.com\/pequod.nesodd1.no\/wp-content\/uploads\/2016\/07\/img_9350.jpg?w=1880&amp;ssl=1 1880w, https:\/\/i0.wp.com\/pequod.nesodd1.no\/wp-content\/uploads\/2016\/07\/img_9350.jpg?w=2820&amp;ssl=1 2820w\" sizes=\"auto, (max-width: 940px) 100vw, 940px\" \/><\/a><figcaption id=\"caption-attachment-9595\" class=\"wp-caption-text\">Solnedgang p\u00e5 vei hjem.<\/figcaption><\/figure>\n<h3>Related Images:<\/h3>","protected":false},"excerpt":{"rendered":"<p>Etter at alle planer om langtur i helgen gikk i vasken blant annet p\u00e5 grunn av v\u00e6r og vind, kom jeg meg endelig ut p\u00e5 en slags langtur s\u00f8ndag. Turen til H\u00e5\u00f8ya og tilbake var faktisk tur nummer 260 med b\u00e5ten siden jeg fikk den i oktober 2013. Related Images:<\/p>\n","protected":false},"author":1,"featured_media":0,"comment_status":"open","ping_status":"open","sticky":false,"template":"","format":"standard","meta":{"_crdt_document":"","ngg_post_thumbnail":0,"jetpack_post_was_ever_published":false,"_jetpack_newsletter_access":"","_jetpack_dont_email_post_to_subs":false,"_jetpack_newsletter_tier_id":0,"_jetpack_memberships_contains_paywalled_content":false,"_jetpack_memberships_contains_paid_content":false,"footnotes":""},"categories":[3,1043,4],"tags":[756,1124,1997],"class_list":["post-9592","post","type-post","status-publish","format-standard","hentry","category-blogg","category-diverse","category-tur","tag-haoya","tag-rundtur","tag-tur-260"],"jetpack_featured_media_url":"","jetpack_shortlink":"https:\/\/wp.me\/p3Zd9b-2uI","jetpack_sharing_enabled":true,"jetpack_likes_enabled":true,"jetpack-related-posts":[],"_links":{"self":[{"href":"https:\/\/pequod.nesodd1.no\/index.php?rest_route=\/wp\/v2\/posts\/9592","targetHints":{"allow":["GET"]}}],"collection":[{"href":"https:\/\/pequod.nesodd1.no\/index.php?rest_route=\/wp\/v2\/posts"}],"about":[{"href":"https:\/\/pequod.nesodd1.no\/index.php?rest_route=\/wp\/v2\/types\/post"}],"author":[{"embeddable":true,"href":"https:\/\/pequod.nesodd1.no\/index.php?rest_route=\/wp\/v2\/users\/1"}],"replies":[{"embeddable":true,"href":"https:\/\/pequod.nesodd1.no\/index.php?rest_route=%2Fwp%2Fv2%2Fcomments&post=9592"}],"version-history":[{"count":4,"href":"https:\/\/pequod.nesodd1.no\/index.php?rest_route=\/wp\/v2\/posts\/9592\/revisions"}],"predecessor-version":[{"id":9599,"href":"https:\/\/pequod.nesodd1.no\/index.php?rest_route=\/wp\/v2\/posts\/9592\/revisions\/9599"}],"wp:attachment":[{"href":"https:\/\/pequod.nesodd1.no\/index.php?rest_route=%2Fwp%2Fv2%2Fmedia&parent=9592"}],"wp:term":[{"taxonomy":"category","embeddable":true,"href":"https:\/\/pequod.nesodd1.no\/index.php?rest_route=%2Fwp%2Fv2%2Fcategories&post=9592"},{"taxonomy":"post_tag","embeddable":true,"href":"https:\/\/pequod.nesodd1.no\/index.php?rest_route=%2Fwp%2Fv2%2Ftags&post=9592"}],"curies":[{"name":"wp","href":"https:\/\/api.w.org\/{rel}","templated":true}]}}