{"id":9897,"date":"2016-09-03T10:21:36","date_gmt":"2016-09-03T08:21:36","guid":{"rendered":"https:\/\/pequod.nesodd1.no\/?p=9897"},"modified":"2016-09-03T00:46:36","modified_gmt":"2016-09-02T22:46:36","slug":"en-skipper-i-utlendighet","status":"publish","type":"post","link":"https:\/\/pequod.nesodd1.no\/?p=9897","title":{"rendered":"En skipper i utlendighet"},"content":{"rendered":"<p><a href=\"https:\/\/pequod.nesodd1.no\/?attachment_id=9921\" rel=\"attachment wp-att-9921\"><img data-recalc-dims=\"1\" loading=\"lazy\" decoding=\"async\" data-attachment-id=\"9921\" data-permalink=\"https:\/\/pequod.nesodd1.no\/?attachment_id=9921\" data-orig-file=\"https:\/\/i0.wp.com\/pequod.nesodd1.no\/wp-content\/uploads\/2016\/08\/14034921_10153662936882032_1388636410542992757_n.jpg?fit=720%2C960&amp;ssl=1\" data-orig-size=\"720,960\" data-comments-opened=\"1\" data-image-meta=\"{&quot;aperture&quot;:&quot;0&quot;,&quot;credit&quot;:&quot;&quot;,&quot;camera&quot;:&quot;&quot;,&quot;caption&quot;:&quot;&quot;,&quot;created_timestamp&quot;:&quot;0&quot;,&quot;copyright&quot;:&quot;&quot;,&quot;focal_length&quot;:&quot;0&quot;,&quot;iso&quot;:&quot;0&quot;,&quot;shutter_speed&quot;:&quot;0&quot;,&quot;title&quot;:&quot;&quot;,&quot;orientation&quot;:&quot;0&quot;}\" data-image-title=\"14034921_10153662936882032_1388636410542992757_n\" data-image-description=\"&lt;p&gt;Albir&lt;\/p&gt;\n\" data-image-caption=\"\" data-large-file=\"https:\/\/i0.wp.com\/pequod.nesodd1.no\/wp-content\/uploads\/2016\/08\/14034921_10153662936882032_1388636410542992757_n.jpg?fit=720%2C960&amp;ssl=1\" class=\"alignleft wp-image-9921\" src=\"https:\/\/i0.wp.com\/pequod.nesodd1.no\/wp-content\/uploads\/2016\/08\/14034921_10153662936882032_1388636410542992757_n-150x150.jpg?resize=101%2C101\" alt=\"14034921_10153662936882032_1388636410542992757_n\" width=\"101\" height=\"101\" srcset=\"https:\/\/i0.wp.com\/pequod.nesodd1.no\/wp-content\/uploads\/2016\/08\/14034921_10153662936882032_1388636410542992757_n.jpg?resize=150%2C150&amp;ssl=1 150w, https:\/\/i0.wp.com\/pequod.nesodd1.no\/wp-content\/uploads\/2016\/08\/14034921_10153662936882032_1388636410542992757_n.jpg?zoom=2&amp;resize=101%2C101&amp;ssl=1 202w, https:\/\/i0.wp.com\/pequod.nesodd1.no\/wp-content\/uploads\/2016\/08\/14034921_10153662936882032_1388636410542992757_n.jpg?zoom=3&amp;resize=101%2C101&amp;ssl=1 303w\" sizes=\"auto, (max-width: 101px) 100vw, 101px\" \/><\/a>Jeg fikk kun halvannen dag hjemme f\u00f8r jeg satte kursen mot rederinnens hjem. Deretter dro vi p\u00e5 kj\u00e6rlighetsferie til Spania. Men jaggu fikk jeg med meg noe maritimt der ogs\u00e5!<!--more--><\/p>\n<p>Turen til Spania kom i stand p\u00e5 sparket ettersom rederinnen plutselig fikk tilbud om \u00e5 dra dit da en ferieleilighet som tilh\u00f8rer jobben hennes ble ledig p\u00e5 kort varsel. Jeg m\u00e5tte snu meg rundt og be om litt mer ferie og heldigvis gikk det bra.<\/p>\n<p>Jeg kom hjem fra b\u00e5tferie nummer to l\u00f8rdag kveld, var hjemme s\u00f8ndag og halve mandagen (inkludert en liten svipptur utp\u00e5 med b\u00e5ten igjen) og deretter dro jeg til rederinnen p\u00e5 kvelden ettersom vi skulle dra tidlig tirsdag morgen.<\/p>\n<p>Jeg har aldri v\u00e6rt i Spania f\u00f8r, jeg er liksom ikke den typen som liker \u00e5 bade og sole seg noe s\u00e6rlig, men jeg tenkte jeg kunne bli med uansett da! \ud83d\ude42 Det var da ogs\u00e5 en liten markering av at jeg og rederinnen hadde v\u00e6rt sammen i ett \u00e5r, og det er jo absolutt noe som m\u00e5 markeres! S\u00e5 en kj\u00e6rlighetsferie bare oss to var absolutt helt innafor &#8211; og med temperaturer helt opp mot 30 grader og mer, s\u00e5 fikk vi i alle fall en flik av sommerferief\u00f8lelsen&#8230;<\/p>\n<p>Men selvsagt, da vi landet i Alicante og dro til ferieleiligheten etter \u00e5 ha blitt hentet av en venn av rederinnen, s\u00e5 landet vi p\u00e5 en dag det regnet. Det var f\u00f8rste gang p\u00e5 13 \u00e5r at det regnet i dette omr\u00e5det i august m\u00e5ned! Men samtidig var det helt greit for oss, da fikk vi litt tid til akklimatisering! \ud83d\ude42<\/p>\n<p>Leiligheten viste seg \u00e5 v\u00e6re i g\u00e5avstand til badestranden, og den hadde attp\u00e5til et basseng i bakg\u00e5rden til felles avbenyttelse.<\/p>\n<figure id=\"attachment_9924\" aria-describedby=\"caption-attachment-9924\" style=\"width: 300px\" class=\"wp-caption alignleft\"><a href=\"https:\/\/pequod.nesodd1.no\/?attachment_id=9924\" rel=\"attachment wp-att-9924\"><img data-recalc-dims=\"1\" loading=\"lazy\" decoding=\"async\" data-attachment-id=\"9924\" data-permalink=\"https:\/\/pequod.nesodd1.no\/?attachment_id=9924\" data-orig-file=\"https:\/\/i0.wp.com\/pequod.nesodd1.no\/wp-content\/uploads\/2016\/08\/14045424_10153657762227032_1293959319_o.jpg?fit=1334%2C1000&amp;ssl=1\" data-orig-size=\"1334,1000\" data-comments-opened=\"1\" data-image-meta=\"{&quot;aperture&quot;:&quot;0&quot;,&quot;credit&quot;:&quot;&quot;,&quot;camera&quot;:&quot;&quot;,&quot;caption&quot;:&quot;&quot;,&quot;created_timestamp&quot;:&quot;0&quot;,&quot;copyright&quot;:&quot;&quot;,&quot;focal_length&quot;:&quot;0&quot;,&quot;iso&quot;:&quot;0&quot;,&quot;shutter_speed&quot;:&quot;0&quot;,&quot;title&quot;:&quot;&quot;,&quot;orientation&quot;:&quot;0&quot;}\" data-image-title=\"14045424_10153657762227032_1293959319_o\" data-image-description=\"\" data-image-caption=\"&lt;p&gt;Utsikt fra leiligheten.&lt;\/p&gt;\n\" data-large-file=\"https:\/\/i0.wp.com\/pequod.nesodd1.no\/wp-content\/uploads\/2016\/08\/14045424_10153657762227032_1293959319_o.jpg?fit=940%2C705&amp;ssl=1\" class=\"size-medium wp-image-9924\" src=\"https:\/\/i0.wp.com\/pequod.nesodd1.no\/wp-content\/uploads\/2016\/08\/14045424_10153657762227032_1293959319_o-300x225.jpg?resize=300%2C225\" alt=\"Utsikt fra leiligheten.\" width=\"300\" height=\"225\" srcset=\"https:\/\/i0.wp.com\/pequod.nesodd1.no\/wp-content\/uploads\/2016\/08\/14045424_10153657762227032_1293959319_o.jpg?resize=300%2C225&amp;ssl=1 300w, https:\/\/i0.wp.com\/pequod.nesodd1.no\/wp-content\/uploads\/2016\/08\/14045424_10153657762227032_1293959319_o.jpg?resize=768%2C576&amp;ssl=1 768w, https:\/\/i0.wp.com\/pequod.nesodd1.no\/wp-content\/uploads\/2016\/08\/14045424_10153657762227032_1293959319_o.jpg?resize=1024%2C768&amp;ssl=1 1024w, https:\/\/i0.wp.com\/pequod.nesodd1.no\/wp-content\/uploads\/2016\/08\/14045424_10153657762227032_1293959319_o.jpg?w=1334&amp;ssl=1 1334w\" sizes=\"auto, (max-width: 300px) 100vw, 300px\" \/><\/a><figcaption id=\"caption-attachment-9924\" class=\"wp-caption-text\">Utsikt fra leiligheten.<\/figcaption><\/figure>\n<p>N\u00e5 tenkte ikke jeg s\u00e6rlig p\u00e5 \u00e5 sv\u00f8mme. Jeg har ikke gjort det p\u00e5 mange \u00e5r av forskjellige grunner, og n\u00e5 med en benstump manglende det siste stykket som var jeg uansett veldig usikker p\u00e5 om jeg ville kunne klare \u00e5 holde meg flytende! \ud83d\ude42 \u00c5 bade i sj\u00f8en var uansett uaktuelt. Jeg ville bli n\u00f8dt til \u00e5 ta av meg protesen p\u00e5 stranda, og da ville jeg m\u00e5tte ha hjelp til \u00e5 komme meg ut i vannet og opp igjen etterp\u00e5. I det hele tatt mye styr, s\u00e5 den tanken var helt uaktuell for meg.<\/p>\n<p>Jeg har s\u00f8kt om \u00e5 f\u00e5 en protese som t\u00e5ler vann. Jeg s\u00f8kte i mai med h\u00e5p om \u00e5 kanskje f\u00e5 den i l\u00f8pet av sommeren, men har forel\u00f8pig ikke h\u00f8rt noe. Protesen gj\u00f8r at jeg kan g\u00e5 rett i sj\u00f8en fra stranden, og den gj\u00f8r det ogs\u00e5 enklere \u00e5 sv\u00f8mme. Men jeg venter alts\u00e5 fortsatt p\u00e5 den. NAV i et n\u00f8tteskall&#8230;<\/p>\n<p>Men selv om jeg ikke kunne bade, s\u00e5 kunne jeg jo g\u00e5! Og p\u00e5 forh\u00e5nd hadde jeg lest om et gammelt fyr som befant seg i n\u00e6rheten. Det var rundt 2,5 kilometer \u00e5 g\u00e5 dit gjennom en liten fredet park, Sierra Helada, i utkanten av Albir, der vi bodde. S\u00e5 etter et par dagers med tilvenning til stedet fant jeg og rederinnen ut at vi skulle ta turen.<\/p>\n<p><a href=\"https:\/\/pequod.nesodd1.no\/?attachment_id=9926\" rel=\"attachment wp-att-9926\"><img data-recalc-dims=\"1\" loading=\"lazy\" decoding=\"async\" data-attachment-id=\"9926\" data-permalink=\"https:\/\/pequod.nesodd1.no\/?attachment_id=9926\" data-orig-file=\"https:\/\/i0.wp.com\/pequod.nesodd1.no\/wp-content\/uploads\/2016\/08\/14068316_10153660887527032_8802319611078968039_n.jpg?fit=960%2C720&amp;ssl=1\" data-orig-size=\"960,720\" data-comments-opened=\"1\" data-image-meta=\"{&quot;aperture&quot;:&quot;0&quot;,&quot;credit&quot;:&quot;&quot;,&quot;camera&quot;:&quot;&quot;,&quot;caption&quot;:&quot;&quot;,&quot;created_timestamp&quot;:&quot;0&quot;,&quot;copyright&quot;:&quot;&quot;,&quot;focal_length&quot;:&quot;0&quot;,&quot;iso&quot;:&quot;0&quot;,&quot;shutter_speed&quot;:&quot;0&quot;,&quot;title&quot;:&quot;&quot;,&quot;orientation&quot;:&quot;0&quot;}\" data-image-title=\"14068316_10153660887527032_8802319611078968039_n\" data-image-description=\"\" data-image-caption=\"\" data-large-file=\"https:\/\/i0.wp.com\/pequod.nesodd1.no\/wp-content\/uploads\/2016\/08\/14068316_10153660887527032_8802319611078968039_n.jpg?fit=940%2C705&amp;ssl=1\" class=\"alignright size-medium wp-image-9926\" src=\"https:\/\/i0.wp.com\/pequod.nesodd1.no\/wp-content\/uploads\/2016\/08\/14068316_10153660887527032_8802319611078968039_n-300x225.jpg?resize=300%2C225\" alt=\"14068316_10153660887527032_8802319611078968039_n\" width=\"300\" height=\"225\" srcset=\"https:\/\/i0.wp.com\/pequod.nesodd1.no\/wp-content\/uploads\/2016\/08\/14068316_10153660887527032_8802319611078968039_n.jpg?resize=300%2C225&amp;ssl=1 300w, https:\/\/i0.wp.com\/pequod.nesodd1.no\/wp-content\/uploads\/2016\/08\/14068316_10153660887527032_8802319611078968039_n.jpg?resize=768%2C576&amp;ssl=1 768w, https:\/\/i0.wp.com\/pequod.nesodd1.no\/wp-content\/uploads\/2016\/08\/14068316_10153660887527032_8802319611078968039_n.jpg?w=960&amp;ssl=1 960w\" sizes=\"auto, (max-width: 300px) 100vw, 300px\" \/><\/a>Det var en fin vei \u00e5 g\u00e5 p\u00e5, uten altfor bratte stigninger, men jeg var glad at jeg tok med meg en krykke! Utsikten p\u00e5 veien oppover var ogs\u00e5 fantastisk, og jeg fikk \u00f8ye p\u00e5 en god del b\u00e5ter.<\/p>\n<p>Vi stoppet ganske tidlig opp og beundret huset i midten p\u00e5 bildet under, med et sv\u00e6rt sv\u00f8mmebasseng og en fantastisk utsikt. I ettertid har jeg lest at huset faktisk eies, eller i det minste har v\u00e6rt eid, av fotballspilleren Cristiano Ronaldo! Det skal visstnok ha en verdi p\u00e5 rundt 27 millioner euro, da snakker vi solide summer!<a href=\"https:\/\/pequod.nesodd1.no\/?attachment_id=9927\" rel=\"attachment wp-att-9927\"><img data-recalc-dims=\"1\" loading=\"lazy\" decoding=\"async\" data-attachment-id=\"9927\" data-permalink=\"https:\/\/pequod.nesodd1.no\/?attachment_id=9927\" data-orig-file=\"https:\/\/i0.wp.com\/pequod.nesodd1.no\/wp-content\/uploads\/2016\/08\/1-IMG_5770.jpg?fit=1024%2C683&amp;ssl=1\" data-orig-size=\"1024,683\" data-comments-opened=\"1\" data-image-meta=\"{&quot;aperture&quot;:&quot;9&quot;,&quot;credit&quot;:&quot;Picasa&quot;,&quot;camera&quot;:&quot;Canon EOS 700D&quot;,&quot;caption&quot;:&quot;&quot;,&quot;created_timestamp&quot;:&quot;1471521894&quot;,&quot;copyright&quot;:&quot;&quot;,&quot;focal_length&quot;:&quot;24&quot;,&quot;iso&quot;:&quot;100&quot;,&quot;shutter_speed&quot;:&quot;0.005&quot;,&quot;title&quot;:&quot;&quot;,&quot;orientation&quot;:&quot;0&quot;}\" data-image-title=\"1-IMG_5770\" data-image-description=\"\" data-image-caption=\"\" data-large-file=\"https:\/\/i0.wp.com\/pequod.nesodd1.no\/wp-content\/uploads\/2016\/08\/1-IMG_5770.jpg?fit=940%2C627&amp;ssl=1\" class=\"aligncenter size-large wp-image-9927\" src=\"https:\/\/i0.wp.com\/pequod.nesodd1.no\/wp-content\/uploads\/2016\/08\/1-IMG_5770-1024x683.jpg?resize=940%2C627\" alt=\"1-IMG_5770\" width=\"940\" height=\"627\" srcset=\"https:\/\/i0.wp.com\/pequod.nesodd1.no\/wp-content\/uploads\/2016\/08\/1-IMG_5770.jpg?w=1024&amp;ssl=1 1024w, https:\/\/i0.wp.com\/pequod.nesodd1.no\/wp-content\/uploads\/2016\/08\/1-IMG_5770.jpg?resize=300%2C200&amp;ssl=1 300w, https:\/\/i0.wp.com\/pequod.nesodd1.no\/wp-content\/uploads\/2016\/08\/1-IMG_5770.jpg?resize=768%2C512&amp;ssl=1 768w\" sizes=\"auto, (max-width: 940px) 100vw, 940px\" \/><\/a><\/p>\n<p>Det skal innr\u00f8mmes at det var litt lengre opp til fyret enn jeg hadde trodd&#8230; Men vi kom n\u00e5 fram til slutt.<\/p>\n<p>Faro Punta del Albir ligger p\u00e5 toppen av en\u00a0h\u00f8yde p\u00e5 112 meter og er \u00e5tte meter h\u00f8yt. Det ble bygd i 1863, men det har v\u00e6rt ulike former for fyr og varder p\u00e5 stedet i mange hundre \u00e5r f\u00f8r det. \u00c5 komme til selve fyret var ikke mulig, da det er avstengt.\u00a0Jeg synes det var litt skuffende \u00e5 oppdage at det, etter den lange turen, faktisk ikke var \u00e9n eneste sitteplass der! Noen benker ville v\u00e6rt gull verdt for slitne f\u00f8tter f\u00f8r vi tok fatt p\u00e5 turen tilbake, men det fantes det ikke mulighet for.<\/p>\n<figure id=\"attachment_9925\" aria-describedby=\"caption-attachment-9925\" style=\"width: 300px\" class=\"wp-caption alignleft\"><a href=\"https:\/\/pequod.nesodd1.no\/?attachment_id=9925\" rel=\"attachment wp-att-9925\"><img data-recalc-dims=\"1\" loading=\"lazy\" decoding=\"async\" data-attachment-id=\"9925\" data-permalink=\"https:\/\/pequod.nesodd1.no\/?attachment_id=9925\" data-orig-file=\"https:\/\/i0.wp.com\/pequod.nesodd1.no\/wp-content\/uploads\/2016\/08\/14051663_10153660883527032_8961096034197967549_n.jpg?fit=960%2C720&amp;ssl=1\" data-orig-size=\"960,720\" data-comments-opened=\"1\" data-image-meta=\"{&quot;aperture&quot;:&quot;0&quot;,&quot;credit&quot;:&quot;&quot;,&quot;camera&quot;:&quot;&quot;,&quot;caption&quot;:&quot;&quot;,&quot;created_timestamp&quot;:&quot;0&quot;,&quot;copyright&quot;:&quot;&quot;,&quot;focal_length&quot;:&quot;0&quot;,&quot;iso&quot;:&quot;0&quot;,&quot;shutter_speed&quot;:&quot;0&quot;,&quot;title&quot;:&quot;&quot;,&quot;orientation&quot;:&quot;0&quot;}\" data-image-title=\"14051663_10153660883527032_8961096034197967549_n\" data-image-description=\"\" data-image-caption=\"&lt;p&gt;Faro Punta del Albir&lt;\/p&gt;\n\" data-large-file=\"https:\/\/i0.wp.com\/pequod.nesodd1.no\/wp-content\/uploads\/2016\/08\/14051663_10153660883527032_8961096034197967549_n.jpg?fit=940%2C705&amp;ssl=1\" class=\"wp-image-9925 size-medium\" src=\"https:\/\/i0.wp.com\/pequod.nesodd1.no\/wp-content\/uploads\/2016\/08\/14051663_10153660883527032_8961096034197967549_n-300x225.jpg?resize=300%2C225\" alt=\"Faro Punta del Albir\" width=\"300\" height=\"225\" srcset=\"https:\/\/i0.wp.com\/pequod.nesodd1.no\/wp-content\/uploads\/2016\/08\/14051663_10153660883527032_8961096034197967549_n.jpg?resize=300%2C225&amp;ssl=1 300w, https:\/\/i0.wp.com\/pequod.nesodd1.no\/wp-content\/uploads\/2016\/08\/14051663_10153660883527032_8961096034197967549_n.jpg?resize=768%2C576&amp;ssl=1 768w, https:\/\/i0.wp.com\/pequod.nesodd1.no\/wp-content\/uploads\/2016\/08\/14051663_10153660883527032_8961096034197967549_n.jpg?w=960&amp;ssl=1 960w\" sizes=\"auto, (max-width: 300px) 100vw, 300px\" \/><\/a><figcaption id=\"caption-attachment-9925\" class=\"wp-caption-text\">Faro Punta del Albir<\/figcaption><\/figure>\n<p>Det var et lite museum i bygningen under selve fyret, men den utstillingen var vel ikke s\u00e5 mye \u00e5 snakke om, synes jeg&#8230; Lunsjen ble derfor inntatt st\u00e5ende mens vi n\u00f8t utsikten over Middelhavet. If\u00f8lge oppslag utenfor fyret skulle det visst v\u00e6re mulighet for \u00e5 se delfiner derfra, men vi s\u00e5 ingen.<\/p>\n<p>Turen nedover tok noe kortere tid, men jeg tror vel vi brukte litt over tre timer p\u00e5 \u00e5 komme oss fram og tilbake. Det var en flott tur, og heldigvis var det endel benker langs selve veien, s\u00e5 vi fikk hvilt oss litt innimellom b\u00e5de p\u00e5 veien opp og p\u00e5 returen.<\/p>\n<p>Litt senere under oppholdet fikk jeg faktisk badet! Det m\u00e5 jeg takke rederinnen for. Hun pushet p\u00e5 meg og mente jeg ikke kunne dra til Spania og IKKE bade i det hele tatt. Jeg hadde ikke tatt med noen badeshorts, bare vanlige shortser, men en ettermiddag, da det ikke var s\u00e5 veldig mange folk i bassenget i bakg\u00e5rden der leiligheten v\u00e5r l\u00e5, fikk hun meg jaggu uti! Det er litt enklere for meg \u00e5 komme ned i og opp av et basseng enn en badestrand.<\/p>\n<p><a href=\"https:\/\/pequod.nesodd1.no\/?attachment_id=9930\" rel=\"attachment wp-att-9930\"><img data-recalc-dims=\"1\" loading=\"lazy\" decoding=\"async\" data-attachment-id=\"9930\" data-permalink=\"https:\/\/pequod.nesodd1.no\/?attachment_id=9930\" data-orig-file=\"https:\/\/i0.wp.com\/pequod.nesodd1.no\/wp-content\/uploads\/2016\/08\/14102451_10153665347582032_7548189547570907027_n.jpg?fit=960%2C720&amp;ssl=1\" data-orig-size=\"960,720\" data-comments-opened=\"1\" data-image-meta=\"{&quot;aperture&quot;:&quot;0&quot;,&quot;credit&quot;:&quot;&quot;,&quot;camera&quot;:&quot;&quot;,&quot;caption&quot;:&quot;&quot;,&quot;created_timestamp&quot;:&quot;0&quot;,&quot;copyright&quot;:&quot;&quot;,&quot;focal_length&quot;:&quot;0&quot;,&quot;iso&quot;:&quot;0&quot;,&quot;shutter_speed&quot;:&quot;0&quot;,&quot;title&quot;:&quot;&quot;,&quot;orientation&quot;:&quot;0&quot;}\" data-image-title=\"14102451_10153665347582032_7548189547570907027_n\" data-image-description=\"\" data-image-caption=\"\" data-large-file=\"https:\/\/i0.wp.com\/pequod.nesodd1.no\/wp-content\/uploads\/2016\/08\/14102451_10153665347582032_7548189547570907027_n.jpg?fit=940%2C705&amp;ssl=1\" class=\"alignleft size-medium wp-image-9930\" src=\"https:\/\/i0.wp.com\/pequod.nesodd1.no\/wp-content\/uploads\/2016\/08\/14102451_10153665347582032_7548189547570907027_n-300x225.jpg?resize=300%2C225\" alt=\"14102451_10153665347582032_7548189547570907027_n\" width=\"300\" height=\"225\" srcset=\"https:\/\/i0.wp.com\/pequod.nesodd1.no\/wp-content\/uploads\/2016\/08\/14102451_10153665347582032_7548189547570907027_n.jpg?resize=300%2C225&amp;ssl=1 300w, https:\/\/i0.wp.com\/pequod.nesodd1.no\/wp-content\/uploads\/2016\/08\/14102451_10153665347582032_7548189547570907027_n.jpg?resize=768%2C576&amp;ssl=1 768w, https:\/\/i0.wp.com\/pequod.nesodd1.no\/wp-content\/uploads\/2016\/08\/14102451_10153665347582032_7548189547570907027_n.jpg?w=960&amp;ssl=1 960w\" sizes=\"auto, (max-width: 300px) 100vw, 300px\" \/><\/a>Jeg gikk bort til en av badestigene, og stod og holdt meg i den mens jeg tok av protesen. S\u00e5 brukte jeg armene og satte meg ned ytterst p\u00e5 bassengkanten og skj\u00f8v meg uti. Den foten jeg har igjen brukte jeg p\u00e5 selve stigtrinnene mens jeg senket meg ned i bassenget. S\u00e5 langt gikk alt bra! S\u00e5 var det \u00e5 klare \u00e5 sv\u00f8mme da! Ettersom jeg mangler en god del va det ene beinet etter amputasjonen var jeg litt spent p\u00e5 hva som ville skje n\u00e5r jeg skulle pr\u00f8ve \u00e5 sparke fra. Ville jeg synke som en stein eller ville jeg sv\u00f8mme rundt i ring? \ud83d\ude42<\/p>\n<p>Det fine med dette bassenget var at det ikke var veldig dypt, s\u00e5 om jeg skulle f\u00f8le at jeg begynte \u00e5 synke, s\u00e5 var det bare \u00e5 sette den foten jeg har igjen ned i bunnen. Jeg kastet meg uti det og oppdaget til min store forbauselse at det faktisk gikk helt utmerket! Jeg har aldri v\u00e6rt en stor sv\u00f8mmer, n\u00e6rmest som en hvalross \u00e5 se p\u00e5 der jeg humper fra i mindre enn snekkefart, men jeg kom meg fram. Det var en utrolig god f\u00f8lelse \u00e5 f\u00e5 det til og \u00e5 bevege seg i bassenget uten problemer!<\/p>\n<p><a href=\"https:\/\/pequod.nesodd1.no\/?attachment_id=9923\" rel=\"attachment wp-att-9923\"><img data-recalc-dims=\"1\" loading=\"lazy\" decoding=\"async\" data-attachment-id=\"9923\" data-permalink=\"https:\/\/pequod.nesodd1.no\/?attachment_id=9923\" data-orig-file=\"https:\/\/i0.wp.com\/pequod.nesodd1.no\/wp-content\/uploads\/2016\/08\/14022212_10153670017002032_782432852351510577_n.jpg?fit=720%2C960&amp;ssl=1\" data-orig-size=\"720,960\" data-comments-opened=\"1\" data-image-meta=\"{&quot;aperture&quot;:&quot;0&quot;,&quot;credit&quot;:&quot;&quot;,&quot;camera&quot;:&quot;&quot;,&quot;caption&quot;:&quot;&quot;,&quot;created_timestamp&quot;:&quot;0&quot;,&quot;copyright&quot;:&quot;&quot;,&quot;focal_length&quot;:&quot;0&quot;,&quot;iso&quot;:&quot;0&quot;,&quot;shutter_speed&quot;:&quot;0&quot;,&quot;title&quot;:&quot;&quot;,&quot;orientation&quot;:&quot;0&quot;}\" data-image-title=\"14022212_10153670017002032_782432852351510577_n\" data-image-description=\"&lt;p&gt;Albir&lt;\/p&gt;\n\" data-image-caption=\"\" data-large-file=\"https:\/\/i0.wp.com\/pequod.nesodd1.no\/wp-content\/uploads\/2016\/08\/14022212_10153670017002032_782432852351510577_n.jpg?fit=720%2C960&amp;ssl=1\" class=\"alignright size-medium wp-image-9923\" src=\"https:\/\/i0.wp.com\/pequod.nesodd1.no\/wp-content\/uploads\/2016\/08\/14022212_10153670017002032_782432852351510577_n-225x300.jpg?resize=225%2C300\" alt=\"14022212_10153670017002032_782432852351510577_n\" width=\"225\" height=\"300\" srcset=\"https:\/\/i0.wp.com\/pequod.nesodd1.no\/wp-content\/uploads\/2016\/08\/14022212_10153670017002032_782432852351510577_n.jpg?resize=225%2C300&amp;ssl=1 225w, https:\/\/i0.wp.com\/pequod.nesodd1.no\/wp-content\/uploads\/2016\/08\/14022212_10153670017002032_782432852351510577_n.jpg?w=720&amp;ssl=1 720w\" sizes=\"auto, (max-width: 225px) 100vw, 225px\" \/><\/a>Dagen etterp\u00e5 kj\u00f8pte jeg to nye badeshorts og rakk nok en tur i bassenget!<\/p>\n<p>S\u00e5 dermed endte jeg opp med \u00e5 sv\u00f8mme i Spania likevel &#8211; noe som var ganske s\u00e5 godt n\u00e5r det var rundt 30 grader der&#8230;<\/p>\n<p>Dette var en liten avstikker fra den vanlige b\u00e5tbloggingen, men med b\u00e5de fyrbes\u00f8k og sv\u00f8mming kan jeg vel forsvare avstikkeren likevel&#8230; \ud83d\ude42<\/p>\n<p>&nbsp;<\/p>\n<p>&nbsp;<\/p>\n<h3>Related Images:<\/h3>","protected":false},"excerpt":{"rendered":"<p>Jeg fikk kun halvannen dag hjemme f\u00f8r jeg satte kursen mot rederinnens hjem. Deretter dro vi p\u00e5 kj\u00e6rlighetsferie til Spania. Men jaggu fikk jeg med meg noe maritimt der ogs\u00e5! Related Images:<\/p>\n","protected":false},"author":1,"featured_media":0,"comment_status":"open","ping_status":"open","sticky":false,"template":"","format":"standard","meta":{"_crdt_document":"","ngg_post_thumbnail":0,"jetpack_post_was_ever_published":false,"_jetpack_newsletter_access":"","_jetpack_dont_email_post_to_subs":false,"_jetpack_newsletter_tier_id":0,"_jetpack_memberships_contains_paywalled_content":false,"_jetpack_memberships_contains_paid_content":false,"footnotes":""},"categories":[3,1043,147],"tags":[2088,2087,2085,2084,2086,2083,2089],"class_list":["post-9897","post","type-post","status-publish","format-standard","hentry","category-blogg","category-diverse","category-ferie","tag-basseng","tag-cristiano-ronaldo","tag-faro-punta-del-albir","tag-fyr","tag-sierra-helada","tag-spania","tag-svomme"],"jetpack_featured_media_url":"","jetpack_shortlink":"https:\/\/wp.me\/p3Zd9b-2zD","jetpack_sharing_enabled":true,"jetpack_likes_enabled":true,"jetpack-related-posts":[],"_links":{"self":[{"href":"https:\/\/pequod.nesodd1.no\/index.php?rest_route=\/wp\/v2\/posts\/9897","targetHints":{"allow":["GET"]}}],"collection":[{"href":"https:\/\/pequod.nesodd1.no\/index.php?rest_route=\/wp\/v2\/posts"}],"about":[{"href":"https:\/\/pequod.nesodd1.no\/index.php?rest_route=\/wp\/v2\/types\/post"}],"author":[{"embeddable":true,"href":"https:\/\/pequod.nesodd1.no\/index.php?rest_route=\/wp\/v2\/users\/1"}],"replies":[{"embeddable":true,"href":"https:\/\/pequod.nesodd1.no\/index.php?rest_route=%2Fwp%2Fv2%2Fcomments&post=9897"}],"version-history":[{"count":15,"href":"https:\/\/pequod.nesodd1.no\/index.php?rest_route=\/wp\/v2\/posts\/9897\/revisions"}],"predecessor-version":[{"id":9963,"href":"https:\/\/pequod.nesodd1.no\/index.php?rest_route=\/wp\/v2\/posts\/9897\/revisions\/9963"}],"wp:attachment":[{"href":"https:\/\/pequod.nesodd1.no\/index.php?rest_route=%2Fwp%2Fv2%2Fmedia&parent=9897"}],"wp:term":[{"taxonomy":"category","embeddable":true,"href":"https:\/\/pequod.nesodd1.no\/index.php?rest_route=%2Fwp%2Fv2%2Fcategories&post=9897"},{"taxonomy":"post_tag","embeddable":true,"href":"https:\/\/pequod.nesodd1.no\/index.php?rest_route=%2Fwp%2Fv2%2Ftags&post=9897"}],"curies":[{"name":"wp","href":"https:\/\/api.w.org\/{rel}","templated":true}]}}